{"id":6865,"date":"2023-09-11T13:32:58","date_gmt":"2023-09-11T13:32:58","guid":{"rendered":"https:\/\/diocesisdelinares.com\/100\/?p=6865"},"modified":"2023-09-11T13:32:58","modified_gmt":"2023-09-11T13:32:58","slug":"edicion-503-julio-2023","status":"publish","type":"post","link":"https:\/\/diocesisdelinares.com\/100\/blog\/2023\/09\/11\/edicion-503-julio-2023\/","title":{"rendered":"Edici\u00f3n 503 julio 2023"},"content":{"rendered":"\n<p>En esta edici\u00f3n: Padre Carlos Ter\u00e1n hijo ilustre de Linares, Jornada Mundial de j\u00f3venes Lisboa 2023, <\/p>\n\n\n\n<p><\/p>\n\n\n\n<div data-wp-interactive=\"core\/file\" class=\"wp-block-file\"><object data-wp-bind--hidden=\"!state.hasPdfPreview\" hidden class=\"wp-block-file__embed\" data=\"https:\/\/diocesisdelinares.com\/100\/wp-content\/uploads\/2023\/09\/BN-JULIO-2023.pdf\" type=\"application\/pdf\" style=\"width:100%;height:600px\" aria-label=\"Incrustado de BN-JULIO-2023.\"><\/object><a id=\"wp-block-file--media-f4f5de93-c424-4e35-88be-fd7c6ccfcc6c\" href=\"https:\/\/diocesisdelinares.com\/100\/wp-content\/uploads\/2023\/09\/BN-JULIO-2023.pdf\">BN-JULIO-2023<\/a><a href=\"https:\/\/diocesisdelinares.com\/100\/wp-content\/uploads\/2023\/09\/BN-JULIO-2023.pdf\" class=\"wp-block-file__button wp-element-button\" download aria-describedby=\"wp-block-file--media-f4f5de93-c424-4e35-88be-fd7c6ccfcc6c\">Descarga<\/a><\/div>\n","protected":false},"excerpt":{"rendered":"<p>En esta edici\u00f3n: Padre Carlos Ter\u00e1n hijo ilustre de Linares, Jornada Mundial de j\u00f3venes Lisboa 2023,<\/p>\n","protected":false},"author":1,"featured_media":6866,"comment_status":"closed","ping_status":"open","sticky":false,"template":"","format":"standard","meta":{"footnotes":""},"categories":[25],"tags":[184,965,964],"class_list":["post-6865","post","type-post","status-publish","format-standard","has-post-thumbnail","hentry","category-periodico-diocesano-buena-nueva","tag-orientaciones-pastorales","tag-padre-carlos-teran","tag-reconocimientos"],"_links":{"self":[{"href":"https:\/\/diocesisdelinares.com\/100\/wp-json\/wp\/v2\/posts\/6865","targetHints":{"allow":["GET"]}}],"collection":[{"href":"https:\/\/diocesisdelinares.com\/100\/wp-json\/wp\/v2\/posts"}],"about":[{"href":"https:\/\/diocesisdelinares.com\/100\/wp-json\/wp\/v2\/types\/post"}],"author":[{"embeddable":true,"href":"https:\/\/diocesisdelinares.com\/100\/wp-json\/wp\/v2\/users\/1"}],"replies":[{"embeddable":true,"href":"https:\/\/diocesisdelinares.com\/100\/wp-json\/wp\/v2\/comments?post=6865"}],"version-history":[{"count":0,"href":"https:\/\/diocesisdelinares.com\/100\/wp-json\/wp\/v2\/posts\/6865\/revisions"}],"wp:featuredmedia":[{"embeddable":true,"href":"https:\/\/diocesisdelinares.com\/100\/wp-json\/wp\/v2\/media\/6866"}],"wp:attachment":[{"href":"https:\/\/diocesisdelinares.com\/100\/wp-json\/wp\/v2\/media?parent=6865"}],"wp:term":[{"taxonomy":"category","embeddable":true,"href":"https:\/\/diocesisdelinares.com\/100\/wp-json\/wp\/v2\/categories?post=6865"},{"taxonomy":"post_tag","embeddable":true,"href":"https:\/\/diocesisdelinares.com\/100\/wp-json\/wp\/v2\/tags?post=6865"}],"curies":[{"name":"wp","href":"https:\/\/api.w.org\/{rel}","templated":true}]}}