{"id":5181,"date":"2023-03-22T14:42:42","date_gmt":"2023-03-22T14:42:42","guid":{"rendered":"https:\/\/diocesisdelinares.com\/100\/?p=5181"},"modified":"2023-03-22T14:43:04","modified_gmt":"2023-03-22T14:43:04","slug":"edicion-499-marzo-2023","status":"publish","type":"post","link":"https:\/\/diocesisdelinares.com\/100\/blog\/2023\/03\/22\/edicion-499-marzo-2023\/","title":{"rendered":"Edici\u00f3n 499 Marzo 2023"},"content":{"rendered":"\n<p>Destacados de esta edici\u00f3n: Adi\u00f3s Benedicto XVI \/ Im\u00e1gen de Nuestra Se\u00f1ora de F\u00e1tima recorre la Di\u00f3cesis de Linares \/ Chanco engalanado venera a la Virgen de la Candelaria \/ Misiones fortalecen compromiso con las comunidades locales \/Capacitaci\u00f3n de Profesores de Religi\u00f3n\/ Cuaresma 2023<\/p>\n\n\n\n<div data-wp-interactive=\"core\/file\" class=\"wp-block-file\"><object data-wp-bind--hidden=\"!state.hasPdfPreview\" hidden class=\"wp-block-file__embed\" data=\"https:\/\/diocesisdelinares.com\/100\/wp-content\/uploads\/2023\/03\/Buena-Nueva-Marzo-2023.pdf\" type=\"application\/pdf\" style=\"width:100%;height:600px\" aria-label=\"Incrustado de Buena-Nueva-Marzo-2023.\"><\/object><a id=\"wp-block-file--media-8acc4549-bc82-45c7-9192-39d96e7769d9\" href=\"https:\/\/diocesisdelinares.com\/100\/wp-content\/uploads\/2023\/03\/Buena-Nueva-Marzo-2023.pdf\" target=\"_blank\" rel=\"noreferrer noopener\">Buena-Nueva-Marzo-2023<\/a><a href=\"https:\/\/diocesisdelinares.com\/100\/wp-content\/uploads\/2023\/03\/Buena-Nueva-Marzo-2023.pdf\" class=\"wp-block-file__button wp-element-button\" download aria-describedby=\"wp-block-file--media-8acc4549-bc82-45c7-9192-39d96e7769d9\">Descarga<\/a><\/div>\n","protected":false},"excerpt":{"rendered":"<p>Destacados de esta edici\u00f3n: Adi\u00f3s Benedicto XVI \/ Im\u00e1gen de Nuestra Se\u00f1ora de F\u00e1tima recorre la Di\u00f3cesis de Linares \/ Chanco engalanado venera a la Virgen de la Candelaria \/ Misiones fortalecen compromiso con las comunidades locales \/Capacitaci\u00f3n de Profesores de Religi\u00f3n\/ Cuaresma 2023<\/p>\n","protected":false},"author":1,"featured_media":5183,"comment_status":"closed","ping_status":"open","sticky":false,"template":"","format":"standard","meta":{"footnotes":""},"categories":[25],"tags":[50,958,67],"class_list":["post-5181","post","type-post","status-publish","format-standard","has-post-thumbnail","hentry","category-periodico-diocesano-buena-nueva","tag-cuaresma","tag-marzo-2023","tag-misiones"],"_links":{"self":[{"href":"https:\/\/diocesisdelinares.com\/100\/wp-json\/wp\/v2\/posts\/5181","targetHints":{"allow":["GET"]}}],"collection":[{"href":"https:\/\/diocesisdelinares.com\/100\/wp-json\/wp\/v2\/posts"}],"about":[{"href":"https:\/\/diocesisdelinares.com\/100\/wp-json\/wp\/v2\/types\/post"}],"author":[{"embeddable":true,"href":"https:\/\/diocesisdelinares.com\/100\/wp-json\/wp\/v2\/users\/1"}],"replies":[{"embeddable":true,"href":"https:\/\/diocesisdelinares.com\/100\/wp-json\/wp\/v2\/comments?post=5181"}],"version-history":[{"count":0,"href":"https:\/\/diocesisdelinares.com\/100\/wp-json\/wp\/v2\/posts\/5181\/revisions"}],"wp:featuredmedia":[{"embeddable":true,"href":"https:\/\/diocesisdelinares.com\/100\/wp-json\/wp\/v2\/media\/5183"}],"wp:attachment":[{"href":"https:\/\/diocesisdelinares.com\/100\/wp-json\/wp\/v2\/media?parent=5181"}],"wp:term":[{"taxonomy":"category","embeddable":true,"href":"https:\/\/diocesisdelinares.com\/100\/wp-json\/wp\/v2\/categories?post=5181"},{"taxonomy":"post_tag","embeddable":true,"href":"https:\/\/diocesisdelinares.com\/100\/wp-json\/wp\/v2\/tags?post=5181"}],"curies":[{"name":"wp","href":"https:\/\/api.w.org\/{rel}","templated":true}]}}